{"id":922,"date":"2020-04-22T11:51:25","date_gmt":"2020-04-22T11:51:25","guid":{"rendered":"http:\/\/baseporto.com\/?p=922"},"modified":"2020-04-22T13:33:06","modified_gmt":"2020-04-22T13:33:06","slug":"noticias-ao-minuto-base-o-novo-spot-da-invicta","status":"publish","type":"post","link":"https:\/\/baseporto.com\/en\/noticias-ao-minuto-base-o-novo-spot-da-invicta\/","title":{"rendered":"Not\u00edcias ao Minuto &#8211; Base, o novo &#8216;spot&#8217; da Invicta"},"content":{"rendered":"<div id=\"pl-922\"  class=\"panel-layout\" >\n<div id=\"pg-922-0\"  class=\"panel-grid panel-no-style\" >\n<div id=\"pgc-922-0-0\"  class=\"panel-grid-cell\"  data-weight=\"1\" >\n<div id=\"panel-922-0-0-0\" class=\"so-panel widget widget_sow-editor panel-first-child panel-last-child\" data-index=\"0\" data-style=\"{&quot;background_image_attachment&quot;:false,&quot;background_display&quot;:&quot;tile&quot;}\" >\n<div class=\"so-widget-sow-editor so-widget-sow-editor-base\">\n<h3 class=\"widget-title\">Gon\u00e7alo Henriques quis dar uma nova vida ao jardim da Pra\u00e7a de Lisboa, em pleno Passeio dos Cl\u00e9rigos.<\/h3>\n<div class=\"siteorigin-widget-tinymce textwidget\">\n<p>&nbsp;<\/p>\n<p>&#8220;Renovado, vivo e totalmente \u2018in\u2019. \u00c9 assim o\u00a0<a href=\"https:\/\/www.facebook.com\/baseporto\/timeline\" target=\"_blank\" rel=\"noopener noreferrer\">Base<\/a>, no jardim da Pra\u00e7a de Lisboa, em pleno Passeio dos Cl\u00e9rigos. Este \u00e9 o novo \u2018spot\u2019 da Invicta e promete ficar entre as principais escolhas dos portuenses e turistas que vistam a cidade\u2026 seja dia, ou noite.<\/p>\n<div class=\"pub-container inside-news pub-inside-news pull-left\">\n<div class=\"pub-space pub-inside\">\n<div data-pub-siteid=\"NEWADVENTURES_Noticias_ao_Minuto\" data-pub-pageid=\"ARTICLE_Lifestyle\" data-pub-formatid=\"MPU\" data-pub-target=\"category=lifestyle;slug=base-o-novo-spot-da-invicta;slugid=425687\" data-pub=\"appNexus\"><\/div>\n<\/div>\n<\/div>\n<p>Conta a New In Town, que a renova\u00e7\u00e3o do espa\u00e7o deveu-se \u00e0 a\u00e7\u00e3o de Gon\u00e7alo Henriques que, com a colabora\u00e7\u00e3o do restaurante Cl\u00e9rigos, faz do jardim um local de descanso e refei\u00e7\u00e3o em fam\u00edlia ou entre amigos. Mas n\u00e3o s\u00f3. O Base \u00e9 ainda um dos pontos de destaque da vida noturna do Porto, cada vez mais procurada por quem visita a cidade.<\/p>\n<div class=\"margin-bottom-20\">\n<div data-pub-siteid=\"NEWADVENTURES_Noticias_ao_Minuto\" data-pub-pageid=\"ARTICLE_Lifestyle\" data-pub-formatid=\"InContent\" data-pub-target=\"category=lifestyle;slug=base-o-novo-spot-da-invicta;slugid=425687\" data-pub=\"appNexus\"><\/div>\n<\/div>\n<p>\u201cNeste terra\u00e7o verde situado sobre o Passeio dos Cl\u00e9rigos, ladeado por dois dos maiores \u00edcones da cidade, a Torre dos Cl\u00e9rigos e a Livraria Lello, encontra-se o Base, um bar que funciona como esplanada mas pretende ser muito mais, organizando atividades de sa\u00fade e bem-estar, culturais, desportivas, festivas. Um \u2018spot\u2019 relaxante em plena cidade, com uma decora\u00e7\u00e3o moderna sob um tapete relvado \u00e0 sombra de oliveiras\u201d, l\u00ea-se no site OportoCool.&#8221;<\/p>\n<p>&nbsp;<\/p>\n<p><strong>Artigo Completo<br \/>\n<\/strong><a href=\"https:\/\/www.noticiasaominuto.com\/lifestyle\/425687\/base-o-novo-spot-da-invicta\" target=\"_blank\" rel=\"noopener\">https:\/\/www.noticiasaominuto.com\/lifestyle\/425687\/base-o-novo-spot-da-invicta<\/a><\/p>\n<\/div>\n<\/div>\n<\/div>\n<\/div>\n<\/div>\n<\/div>","protected":false},"excerpt":{"rendered":"<p>Gon\u00e7alo Henriques quis dar uma nova vida ao jardim da Pra\u00e7a de Lisboa, em pleno Passeio dos Cl\u00e9rigos. &nbsp; &#8220;Renovado, vivo e totalmente \u2018in\u2019. \u00c9 assim o\u00a0Base, no jardim da&#8230;<\/p>","protected":false},"author":1,"featured_media":0,"comment_status":"open","ping_status":"open","sticky":false,"template":"","format":"standard","meta":{"footnotes":""},"categories":[4],"tags":[],"class_list":{"0":"post-922","1":"post","2":"type-post","3":"status-publish","4":"format-standard","6":"category-press"},"_links":{"self":[{"href":"https:\/\/baseporto.com\/en\/wp-json\/wp\/v2\/posts\/922"}],"collection":[{"href":"https:\/\/baseporto.com\/en\/wp-json\/wp\/v2\/posts"}],"about":[{"href":"https:\/\/baseporto.com\/en\/wp-json\/wp\/v2\/types\/post"}],"author":[{"embeddable":true,"href":"https:\/\/baseporto.com\/en\/wp-json\/wp\/v2\/users\/1"}],"replies":[{"embeddable":true,"href":"https:\/\/baseporto.com\/en\/wp-json\/wp\/v2\/comments?post=922"}],"version-history":[{"count":1,"href":"https:\/\/baseporto.com\/en\/wp-json\/wp\/v2\/posts\/922\/revisions"}],"predecessor-version":[{"id":923,"href":"https:\/\/baseporto.com\/en\/wp-json\/wp\/v2\/posts\/922\/revisions\/923"}],"wp:attachment":[{"href":"https:\/\/baseporto.com\/en\/wp-json\/wp\/v2\/media?parent=922"}],"wp:term":[{"taxonomy":"category","embeddable":true,"href":"https:\/\/baseporto.com\/en\/wp-json\/wp\/v2\/categories?post=922"},{"taxonomy":"post_tag","embeddable":true,"href":"https:\/\/baseporto.com\/en\/wp-json\/wp\/v2\/tags?post=922"}],"curies":[{"name":"wp","href":"https:\/\/api.w.org\/{rel}","templated":true}]}}