{"id":915,"date":"2020-04-22T11:43:44","date_gmt":"2020-04-22T11:43:44","guid":{"rendered":"http:\/\/baseporto.com\/?p=915"},"modified":"2020-04-22T13:33:43","modified_gmt":"2020-04-22T13:33:43","slug":"publico-base-o-novo-verao-do-porto","status":"publish","type":"post","link":"https:\/\/baseporto.com\/en\/publico-base-o-novo-verao-do-porto\/","title":{"rendered":"P\u00fablico &#8211; Base, o novo Ver\u00e3o do Porto"},"content":{"rendered":"<div id=\"pl-915\"  class=\"panel-layout\" >\n<div id=\"pg-915-0\"  class=\"panel-grid panel-no-style\" >\n<div id=\"pgc-915-0-0\"  class=\"panel-grid-cell\"  data-weight=\"1\" >\n<div id=\"panel-915-0-0-0\" class=\"so-panel widget widget_sow-editor panel-first-child panel-last-child\" data-index=\"0\" data-style=\"{&quot;background_image_attachment&quot;:false,&quot;background_display&quot;:&quot;tile&quot;}\" >\n<div class=\"so-widget-sow-editor so-widget-sow-editor-base\">\n<h3 class=\"widget-title\">P\u00fablico &#8211; Base, o novo Ver\u00e3o do Porto<\/h3>\n<div class=\"siteorigin-widget-tinymce textwidget\">\n<p>&#8221; A m\u00fasica dos Metronomy compete com os sinos da Torre dos Cl\u00e9rigos: s\u00e3o 18h de um dia de Ver\u00e3o nublado. Na verdade, j\u00e1 choveu, mas tal n\u00e3o demoveu quem se senta na esplanada ou se estica na relva \u00e0 sombra de uma oliveira. N\u00e3o \u00e9 o dia ideal e as previs\u00f5es para o dia seguinte n\u00e3o s\u00e3o animadoras: \u201cVamos deixar tudo preparado, mas o mais certo \u00e9 n\u00e3o abrirmos\u201d, diz Gon\u00e7alo Henriques, um dos s\u00f3cios do Base (e o mentor do projecto). \u00c9 que se h\u00e1 bar vulner\u00e1vel aos caprichos meteorol\u00f3gicos \u00e9 este Base que vive na rua \u2014 ou melhor, no jardim. Por isso, ainda n\u00e3o sabe o que vai ser da sua vida quando o Inverno chegar; por enquanto, assume que gosta \u00e9 do Ver\u00e3o.<\/p>\n<p>\u00c9 uma esplanada, com certeza (mas n\u00e3o s\u00f3), disposta em redor de um quiosque que \u00e9 como um mini-ovni branco de volume exc\u00eantrico e pala ampla neste jardim sobre o Passeio dos Cl\u00e9rigos (que \u00e9 como quem diz, a antiga Pra\u00e7a de Lisboa requalificada e transformada em centro comercial ao ar livre), meio caminho andado entre dois \u00edcones portuenses, incontorn\u00e1veis em qualquer roteiro tur\u00edstico, a Torre dos Cl\u00e9rigos e a Livraria Lello. \u00c9 uma esp\u00e9cie de atalho, este caminho que corta o jardim e \u00e9 sobretudo percorrido por turistas (v\u00eam de mapa na m\u00e3o, tiram fotos, fogem e perseguem pombas) e que pode estar ele pr\u00f3prio cortado a partir das 20h, explica Gon\u00e7alo Henriques: \u201cEste \u00e9 um espa\u00e7o p\u00fablico de utiliza\u00e7\u00e3o privada\u201d. Portanto este Base, que abriu no final de Junho, n\u00e3o \u00e9 s\u00f3 uma esplanada, \u00e9 todo um jardim \u2014 de possibilidades.<\/p>\n<p>Inicialmente, a esplanada foi concebida como tentativa de complementar o restaurante Cl\u00e9rigos, no espa\u00e7o comercial sob a relva povoada de oliveiras do jardim. \u201cMas nunca conseguiram fazer arranc\u00e1-la como queriam\u201d, conta Gon\u00e7alo, que por sua vez viu uma oportunidade \u00fanica para \u201cfazer mil coisas diferenciadoras\u201d, bem no centro da cidade.<\/p>\n<p>Coisas como sess\u00f5es de tai chi e ioga aos fins-de-semana, de cinema ao ar livre (come\u00e7am por estes dias), concertos, piqueniques (com packspredefinidos de petiscos mais cesto e toalha) e at\u00e9 eventos maiores, como o da apresenta\u00e7\u00e3o do novo equipamento do Futebol Clube do Porto. De qualquer forma, o melhor \u00e9 esperar pelo final de Agosto, altura em que o Base estar\u00e1 a funcionar de forma mais rotineira e com uma agenda de eventos mais din\u00e2mica, prev\u00ea Gon\u00e7alo. Por estes dias, certos, certos s\u00e3o mesmo os finais de tarde com DJ de quinta-feira a s\u00e1bado e as noites de sexta e s\u00e1bado tamb\u00e9m comandadas da mesa de misturas.&#8221;<\/p>\n<p>&nbsp;<\/p>\n<p><strong>Artigo Completo<br \/>\n<\/strong><a href=\"https:\/\/www.publico.pt\/2015\/08\/20\/p3\/noticia\/base-o-novo-verao-do-porto-1824154\" target=\"_blank\" rel=\"noopener\">https:\/\/www.publico.pt\/2015\/08\/20\/p3\/noticia\/base-o-novo-verao-do-porto-1824154<\/a><\/p>\n<\/div>\n<\/div>\n<\/div>\n<\/div>\n<\/div>\n<\/div>","protected":false},"excerpt":{"rendered":"<p>P\u00fablico &#8211; Base, o novo Ver\u00e3o do Porto &#8221; A m\u00fasica dos Metronomy compete com os sinos da Torre dos Cl\u00e9rigos: s\u00e3o 18h de um dia de Ver\u00e3o nublado. Na&#8230;<\/p>","protected":false},"author":1,"featured_media":0,"comment_status":"open","ping_status":"open","sticky":false,"template":"","format":"standard","meta":{"footnotes":""},"categories":[4],"tags":[],"class_list":{"0":"post-915","1":"post","2":"type-post","3":"status-publish","4":"format-standard","6":"category-press"},"_links":{"self":[{"href":"https:\/\/baseporto.com\/en\/wp-json\/wp\/v2\/posts\/915"}],"collection":[{"href":"https:\/\/baseporto.com\/en\/wp-json\/wp\/v2\/posts"}],"about":[{"href":"https:\/\/baseporto.com\/en\/wp-json\/wp\/v2\/types\/post"}],"author":[{"embeddable":true,"href":"https:\/\/baseporto.com\/en\/wp-json\/wp\/v2\/users\/1"}],"replies":[{"embeddable":true,"href":"https:\/\/baseporto.com\/en\/wp-json\/wp\/v2\/comments?post=915"}],"version-history":[{"count":2,"href":"https:\/\/baseporto.com\/en\/wp-json\/wp\/v2\/posts\/915\/revisions"}],"predecessor-version":[{"id":918,"href":"https:\/\/baseporto.com\/en\/wp-json\/wp\/v2\/posts\/915\/revisions\/918"}],"wp:attachment":[{"href":"https:\/\/baseporto.com\/en\/wp-json\/wp\/v2\/media?parent=915"}],"wp:term":[{"taxonomy":"category","embeddable":true,"href":"https:\/\/baseporto.com\/en\/wp-json\/wp\/v2\/categories?post=915"},{"taxonomy":"post_tag","embeddable":true,"href":"https:\/\/baseporto.com\/en\/wp-json\/wp\/v2\/tags?post=915"}],"curies":[{"name":"wp","href":"https:\/\/api.w.org\/{rel}","templated":true}]}}